{"id":433,"date":"2009-11-25T15:01:49","date_gmt":"2009-11-25T14:01:49","guid":{"rendered":"http:\/\/equitherapie-bourgogne.fr\/?p=433"},"modified":"2017-05-11T15:02:08","modified_gmt":"2017-05-11T13:02:08","slug":"emission-direct-fr3","status":"publish","type":"post","link":"https:\/\/equitherapie-bourgogne.fr\/index.php\/2009\/11\/25\/emission-direct-fr3\/","title":{"rendered":"Emission en direct sur FR3"},"content":{"rendered":"<h3><span style=\"color: #274c17;\"><span style=\"font-family: Arial,serif;\"><span style=\"font-size: medium;\">Samedi 26 septembre 2009 &#8211; sp\u00e9cial cheval \u00e0 Equivall\u00e9e Cluny<\/span><\/span><\/span><\/h3>\n<h3><span style=\"color: #274c17;\"><span style=\"font-family: Arial,serif;\"><span style=\"font-size: medium;\">Sp\u00e9cial cheval sur France 3 &#8211; Bourgogne &#8211; Franche Comt\u00e9<\/span><\/span><\/span><\/h3>\n<p><span style=\"color: #274c17;\"><span style=\"font-family: Arial,serif;\"><span style=\"font-size: medium;\">Une journ\u00e9e d\u00e9di\u00e9e au cheval et aux activit\u00e9s \u00e9questres qui d\u00e9marre le matin \u00e0 11h05 avec l\u2019\u00e9mission sports\/loisirs \u00ab\u00a0Le samedi prend l\u2019air\u00a0\u00bb.\u00a0 Nicolas Bonduelle, journaliste, et ses invit\u00e9s, Jean Chalayer, pr\u00e9sident de l\u2019association Cluny P\u00f4le hippique de Bourgogne, Christophe Dutertre, organisateur du concours de sauts d\u2019obstacles de poney et Charlotte Roche, responsable du centre \u00e9questre de Cluny seront en direct pour pr\u00e9senter tous les aspects de l\u2019\u00e9quitation, dans le cadre des automnales, manifestations organis\u00e9es par Sa\u00f4ne et Loire Cheval en partenariat avec le Haras national de Cluny.<\/span><\/span><\/span><\/p>\n<p><span style=\"color: #274c17;\"><span style=\"font-family: Arial,serif;\"><span style=\"font-size: medium;\">L\u2019apr\u00e8s-midi consacr\u00e9e au cheval se poursuit\u00a0 \u00e0 14h35, avec l\u2019\u00e9mission \u00ab\u00a0Passion cheval\u00a0\u00bb pr\u00e9sent\u00e9e par Christophe Joly. Une premi\u00e8re partie va traiter de l\u2019aspect \u00e9conomique, avec notamment l\u2019exemple du projet Equivall\u00e9e. <\/span><\/span><\/span><span style=\"color: #73130e;\"><span style=\"font-family: Arial,serif;\"><span style=\"font-size: medium;\">Dans une deuxi\u00e8me partie, il sera question d\u2019\u00e9quith\u00e9rapie\u00a0 avec la diffusion d\u2019un film de 13 minutes sur<\/span><\/span><\/span><\/p>\n<p><span style=\"color: #73130e;\">\u00a0<span style=\"font-family: Arial,serif;\"><span style=\"font-size: medium;\">\u00ab\u00a0Le man\u00e8ge enchant\u00e9 de Paul\u00a0\u00bb. Il traite de la th\u00e9rapie par le cheval aupr\u00e8s des handicap\u00e9s, des autistes, des adolescents en rupture, qui conna\u00eet un essor en France depuis les ann\u00e9es 90.<\/span><\/span><\/span><\/p>\n<p><span style=\"color: #274c17;\"><span style=\"font-family: Arial,serif;\"><span style=\"font-size: medium;\">Les invit\u00e9s\u00a0de Passion cheval\u00a0: Pierre Pasdermadjian, pr\u00e9sident de France Trait et du Centre de promotion du trait de l\u2019Auxois, Ga\u00e9tan Montchovet, pr\u00e9sident de la soci\u00e9t\u00e9<\/span><\/span><\/span><\/p>\n<p><span style=\"color: #274c17;\"><span style=\"font-family: Arial,serif;\"><span style=\"font-size: medium;\">de concours hippique de Cluny, Marie Marois-Massol, responsable du p\u00f4le hippique du Haras national de Cluny, <\/span><\/span><\/span><span style=\"color: #73130e;\"><span style=\"font-family: Arial,serif;\"><span style=\"font-size: medium;\">Sabine Chapuis et Nathalie Frilley, \u00e9quith\u00e9rapeutes<\/span><\/span><\/span><span style=\"color: #274c17;\"><span style=\"font-family: Arial,serif;\"><span style=\"font-size: medium;\"> et Didier Cornaille, auteur, grand ami et connaisseur des chevaux\u2026<\/span><\/span><\/span><\/p>\n<p><span style=\"color: #274c17;\"><span style=\"font-family: Arial,serif;\"><span style=\"font-size: medium;\">Des reportages sur le projet Equivall\u00e9e, sur le cheval de trait, le Comtois, avec ses nouveaux d\u00e9bouch\u00e9s qui se d\u00e9veloppent autour la voltige, le tourisme, l\u2019attelage\u2026<\/span><\/span><\/span><\/p>\n<p><span style=\"color: #274c17;\"><span style=\"font-family: Arial,serif;\"><span style=\"font-size: medium;\">Un d\u00e9tour est pr\u00e9vu aux Haras de Besan\u00e7on avec un artiste en r\u00e9sidence qui monte des spectacles de voltige.\u00a0 Nous verrons \u00e9galement comment le cheval est utilis\u00e9 dans l\u2019agriculture.<\/span><\/span><\/span><\/p>\n<p><span style=\"color: #274c17;\"><span style=\"font-family: Arial,serif;\"><span style=\"font-size: medium;\">France 3 Bourgogne Franche-Comt\u00e9 vous promet un samedi autour de la passion du cheval\u00a0!<\/span><\/span><\/span><\/p>\n","protected":false},"excerpt":{"rendered":"<p>Samedi 26 septembre 2009 &#8211; sp\u00e9cial cheval \u00e0 Equivall\u00e9e Cluny Sp\u00e9cial cheval sur France 3 &#8211; Bourgogne &#8211; Franche Comt\u00e9 Une journ\u00e9e d\u00e9di\u00e9e au cheval et aux activit\u00e9s \u00e9questres qui d\u00e9marre le matin \u00e0 11h05 avec l\u2019\u00e9mission sports\/loisirs \u00ab\u00a0Le samedi&#8230;<br \/><a class=\"read-more-button\" href=\"https:\/\/equitherapie-bourgogne.fr\/index.php\/2009\/11\/25\/emission-direct-fr3\/\">Savoir plus<\/a><\/p>\n","protected":false},"author":1,"featured_media":0,"comment_status":"open","ping_status":"open","sticky":false,"template":"","format":"standard","meta":{"footnotes":""},"categories":[1],"tags":[],"class_list":["post-433","post","type-post","status-publish","format-standard","hentry","category-non-classe"],"yoast_head":"<!-- This site is optimized with the Yoast SEO plugin v24.7 - https:\/\/yoast.com\/wordpress\/plugins\/seo\/ -->\n<title>Emission en direct sur FR3 - A Cheval sur Soi<\/title>\n<meta name=\"robots\" content=\"index, follow, max-snippet:-1, max-image-preview:large, max-video-preview:-1\" \/>\n<link rel=\"canonical\" href=\"https:\/\/equitherapie-bourgogne.fr\/index.php\/2009\/11\/25\/emission-direct-fr3\/\" \/>\n<meta property=\"og:locale\" content=\"fr_FR\" \/>\n<meta property=\"og:type\" content=\"article\" \/>\n<meta property=\"og:title\" content=\"Emission en direct sur FR3 - A Cheval sur Soi\" \/>\n<meta property=\"og:description\" content=\"Samedi 26 septembre 2009 &#8211; sp\u00e9cial cheval \u00e0 Equivall\u00e9e Cluny Sp\u00e9cial cheval sur France 3 &#8211; Bourgogne &#8211; Franche Comt\u00e9 Une journ\u00e9e d\u00e9di\u00e9e au cheval et aux activit\u00e9s \u00e9questres qui d\u00e9marre le matin \u00e0 11h05 avec l\u2019\u00e9mission sports\/loisirs \u00ab\u00a0Le samedi...Savoir plus\" \/>\n<meta property=\"og:url\" content=\"https:\/\/equitherapie-bourgogne.fr\/index.php\/2009\/11\/25\/emission-direct-fr3\/\" \/>\n<meta property=\"og:site_name\" content=\"A Cheval sur Soi\" \/>\n<meta property=\"article:published_time\" content=\"2009-11-25T14:01:49+00:00\" \/>\n<meta property=\"article:modified_time\" content=\"2017-05-11T13:02:08+00:00\" \/>\n<meta name=\"author\" content=\"Nathalie\" \/>\n<meta name=\"twitter:card\" content=\"summary_large_image\" \/>\n<meta name=\"twitter:label1\" content=\"\u00c9crit par\" \/>\n\t<meta name=\"twitter:data1\" content=\"Nathalie\" \/>\n\t<meta name=\"twitter:label2\" content=\"Dur\u00e9e de lecture estim\u00e9e\" \/>\n\t<meta name=\"twitter:data2\" content=\"2 minutes\" \/>\n<script type=\"application\/ld+json\" class=\"yoast-schema-graph\">{\"@context\":\"https:\/\/schema.org\",\"@graph\":[{\"@type\":\"WebPage\",\"@id\":\"https:\/\/equitherapie-bourgogne.fr\/index.php\/2009\/11\/25\/emission-direct-fr3\/\",\"url\":\"https:\/\/equitherapie-bourgogne.fr\/index.php\/2009\/11\/25\/emission-direct-fr3\/\",\"name\":\"Emission en direct sur FR3 - A Cheval sur Soi\",\"isPartOf\":{\"@id\":\"https:\/\/equitherapie-bourgogne.fr\/#website\"},\"datePublished\":\"2009-11-25T14:01:49+00:00\",\"dateModified\":\"2017-05-11T13:02:08+00:00\",\"author\":{\"@id\":\"https:\/\/equitherapie-bourgogne.fr\/#\/schema\/person\/2451febc77f164f832056f6825ae5cfa\"},\"breadcrumb\":{\"@id\":\"https:\/\/equitherapie-bourgogne.fr\/index.php\/2009\/11\/25\/emission-direct-fr3\/#breadcrumb\"},\"inLanguage\":\"fr-FR\",\"potentialAction\":[{\"@type\":\"ReadAction\",\"target\":[\"https:\/\/equitherapie-bourgogne.fr\/index.php\/2009\/11\/25\/emission-direct-fr3\/\"]}]},{\"@type\":\"BreadcrumbList\",\"@id\":\"https:\/\/equitherapie-bourgogne.fr\/index.php\/2009\/11\/25\/emission-direct-fr3\/#breadcrumb\",\"itemListElement\":[{\"@type\":\"ListItem\",\"position\":1,\"name\":\"Accueil\",\"item\":\"https:\/\/equitherapie-bourgogne.fr\/\"},{\"@type\":\"ListItem\",\"position\":2,\"name\":\"Emission en direct sur FR3\"}]},{\"@type\":\"WebSite\",\"@id\":\"https:\/\/equitherapie-bourgogne.fr\/#website\",\"url\":\"https:\/\/equitherapie-bourgogne.fr\/\",\"name\":\"A Cheval sur Soi\",\"description\":\"CENTRE \u00c9QUESTRE TRANSDISCIPLINAIRE\",\"potentialAction\":[{\"@type\":\"SearchAction\",\"target\":{\"@type\":\"EntryPoint\",\"urlTemplate\":\"https:\/\/equitherapie-bourgogne.fr\/?s={search_term_string}\"},\"query-input\":{\"@type\":\"PropertyValueSpecification\",\"valueRequired\":true,\"valueName\":\"search_term_string\"}}],\"inLanguage\":\"fr-FR\"},{\"@type\":\"Person\",\"@id\":\"https:\/\/equitherapie-bourgogne.fr\/#\/schema\/person\/2451febc77f164f832056f6825ae5cfa\",\"name\":\"Nathalie\",\"image\":{\"@type\":\"ImageObject\",\"inLanguage\":\"fr-FR\",\"@id\":\"https:\/\/equitherapie-bourgogne.fr\/#\/schema\/person\/image\/\",\"url\":\"https:\/\/secure.gravatar.com\/avatar\/7f19ce3628a8a54498ad2a3f89a472cc?s=96&d=mm&r=g\",\"contentUrl\":\"https:\/\/secure.gravatar.com\/avatar\/7f19ce3628a8a54498ad2a3f89a472cc?s=96&d=mm&r=g\",\"caption\":\"Nathalie\"},\"url\":\"https:\/\/equitherapie-bourgogne.fr\/index.php\/author\/admin6336\/\"}]}<\/script>\n<!-- \/ Yoast SEO plugin. -->","yoast_head_json":{"title":"Emission en direct sur FR3 - A Cheval sur Soi","robots":{"index":"index","follow":"follow","max-snippet":"max-snippet:-1","max-image-preview":"max-image-preview:large","max-video-preview":"max-video-preview:-1"},"canonical":"https:\/\/equitherapie-bourgogne.fr\/index.php\/2009\/11\/25\/emission-direct-fr3\/","og_locale":"fr_FR","og_type":"article","og_title":"Emission en direct sur FR3 - A Cheval sur Soi","og_description":"Samedi 26 septembre 2009 &#8211; sp\u00e9cial cheval \u00e0 Equivall\u00e9e Cluny Sp\u00e9cial cheval sur France 3 &#8211; Bourgogne &#8211; Franche Comt\u00e9 Une journ\u00e9e d\u00e9di\u00e9e au cheval et aux activit\u00e9s \u00e9questres qui d\u00e9marre le matin \u00e0 11h05 avec l\u2019\u00e9mission sports\/loisirs \u00ab\u00a0Le samedi...Savoir plus","og_url":"https:\/\/equitherapie-bourgogne.fr\/index.php\/2009\/11\/25\/emission-direct-fr3\/","og_site_name":"A Cheval sur Soi","article_published_time":"2009-11-25T14:01:49+00:00","article_modified_time":"2017-05-11T13:02:08+00:00","author":"Nathalie","twitter_card":"summary_large_image","twitter_misc":{"\u00c9crit par":"Nathalie","Dur\u00e9e de lecture estim\u00e9e":"2 minutes"},"schema":{"@context":"https:\/\/schema.org","@graph":[{"@type":"WebPage","@id":"https:\/\/equitherapie-bourgogne.fr\/index.php\/2009\/11\/25\/emission-direct-fr3\/","url":"https:\/\/equitherapie-bourgogne.fr\/index.php\/2009\/11\/25\/emission-direct-fr3\/","name":"Emission en direct sur FR3 - A Cheval sur Soi","isPartOf":{"@id":"https:\/\/equitherapie-bourgogne.fr\/#website"},"datePublished":"2009-11-25T14:01:49+00:00","dateModified":"2017-05-11T13:02:08+00:00","author":{"@id":"https:\/\/equitherapie-bourgogne.fr\/#\/schema\/person\/2451febc77f164f832056f6825ae5cfa"},"breadcrumb":{"@id":"https:\/\/equitherapie-bourgogne.fr\/index.php\/2009\/11\/25\/emission-direct-fr3\/#breadcrumb"},"inLanguage":"fr-FR","potentialAction":[{"@type":"ReadAction","target":["https:\/\/equitherapie-bourgogne.fr\/index.php\/2009\/11\/25\/emission-direct-fr3\/"]}]},{"@type":"BreadcrumbList","@id":"https:\/\/equitherapie-bourgogne.fr\/index.php\/2009\/11\/25\/emission-direct-fr3\/#breadcrumb","itemListElement":[{"@type":"ListItem","position":1,"name":"Accueil","item":"https:\/\/equitherapie-bourgogne.fr\/"},{"@type":"ListItem","position":2,"name":"Emission en direct sur FR3"}]},{"@type":"WebSite","@id":"https:\/\/equitherapie-bourgogne.fr\/#website","url":"https:\/\/equitherapie-bourgogne.fr\/","name":"A Cheval sur Soi","description":"CENTRE \u00c9QUESTRE TRANSDISCIPLINAIRE","potentialAction":[{"@type":"SearchAction","target":{"@type":"EntryPoint","urlTemplate":"https:\/\/equitherapie-bourgogne.fr\/?s={search_term_string}"},"query-input":{"@type":"PropertyValueSpecification","valueRequired":true,"valueName":"search_term_string"}}],"inLanguage":"fr-FR"},{"@type":"Person","@id":"https:\/\/equitherapie-bourgogne.fr\/#\/schema\/person\/2451febc77f164f832056f6825ae5cfa","name":"Nathalie","image":{"@type":"ImageObject","inLanguage":"fr-FR","@id":"https:\/\/equitherapie-bourgogne.fr\/#\/schema\/person\/image\/","url":"https:\/\/secure.gravatar.com\/avatar\/7f19ce3628a8a54498ad2a3f89a472cc?s=96&d=mm&r=g","contentUrl":"https:\/\/secure.gravatar.com\/avatar\/7f19ce3628a8a54498ad2a3f89a472cc?s=96&d=mm&r=g","caption":"Nathalie"},"url":"https:\/\/equitherapie-bourgogne.fr\/index.php\/author\/admin6336\/"}]}},"_links":{"self":[{"href":"https:\/\/equitherapie-bourgogne.fr\/index.php\/wp-json\/wp\/v2\/posts\/433","targetHints":{"allow":["GET"]}}],"collection":[{"href":"https:\/\/equitherapie-bourgogne.fr\/index.php\/wp-json\/wp\/v2\/posts"}],"about":[{"href":"https:\/\/equitherapie-bourgogne.fr\/index.php\/wp-json\/wp\/v2\/types\/post"}],"author":[{"embeddable":true,"href":"https:\/\/equitherapie-bourgogne.fr\/index.php\/wp-json\/wp\/v2\/users\/1"}],"replies":[{"embeddable":true,"href":"https:\/\/equitherapie-bourgogne.fr\/index.php\/wp-json\/wp\/v2\/comments?post=433"}],"version-history":[{"count":1,"href":"https:\/\/equitherapie-bourgogne.fr\/index.php\/wp-json\/wp\/v2\/posts\/433\/revisions"}],"predecessor-version":[{"id":434,"href":"https:\/\/equitherapie-bourgogne.fr\/index.php\/wp-json\/wp\/v2\/posts\/433\/revisions\/434"}],"wp:attachment":[{"href":"https:\/\/equitherapie-bourgogne.fr\/index.php\/wp-json\/wp\/v2\/media?parent=433"}],"wp:term":[{"taxonomy":"category","embeddable":true,"href":"https:\/\/equitherapie-bourgogne.fr\/index.php\/wp-json\/wp\/v2\/categories?post=433"},{"taxonomy":"post_tag","embeddable":true,"href":"https:\/\/equitherapie-bourgogne.fr\/index.php\/wp-json\/wp\/v2\/tags?post=433"}],"curies":[{"name":"wp","href":"https:\/\/api.w.org\/{rel}","templated":true}]}}