{"id":1270,"date":"2026-03-13T12:27:57","date_gmt":"2026-03-13T11:27:57","guid":{"rendered":"https:\/\/equitherapie-bourgogne.fr\/?p=1270"},"modified":"2026-03-13T12:27:57","modified_gmt":"2026-03-13T11:27:57","slug":"vacances-davril","status":"publish","type":"post","link":"https:\/\/equitherapie-bourgogne.fr\/index.php\/2026\/03\/13\/vacances-davril\/","title":{"rendered":"Vacances d&rsquo;Avril!"},"content":{"rendered":"<p><img loading=\"lazy\" decoding=\"async\" data-id=\"1271\"  src=\"https:\/\/equitherapie-bourgogne.fr\/wp-content\/uploads\/2026\/03\/Programme-printemps-20261.png\" alt=\"\" width=\"1414\" height=\"2000\" class=\"alignnone size-full wp-image-1271\" srcset=\"https:\/\/equitherapie-bourgogne.fr\/wp-content\/uploads\/2026\/03\/Programme-printemps-20261.png 1414w, https:\/\/equitherapie-bourgogne.fr\/wp-content\/uploads\/2026\/03\/Programme-printemps-20261-424x600.png 424w, https:\/\/equitherapie-bourgogne.fr\/wp-content\/uploads\/2026\/03\/Programme-printemps-20261-368x520.png 368w, https:\/\/equitherapie-bourgogne.fr\/wp-content\/uploads\/2026\/03\/Programme-printemps-20261-768x1086.png 768w, https:\/\/equitherapie-bourgogne.fr\/wp-content\/uploads\/2026\/03\/Programme-printemps-20261-1086x1536.png 1086w, https:\/\/equitherapie-bourgogne.fr\/wp-content\/uploads\/2026\/03\/Programme-printemps-20261-1170x1655.png 1170w\" sizes=\"auto, (max-width: 1414px) 100vw, 1414px\" \/><\/p>\n","protected":false},"excerpt":{"rendered":"","protected":false},"author":1,"featured_media":1271,"comment_status":"open","ping_status":"open","sticky":false,"template":"","format":"standard","meta":{"footnotes":""},"categories":[1],"tags":[],"class_list":["post-1270","post","type-post","status-publish","format-standard","has-post-thumbnail","hentry","category-non-classe"],"yoast_head":"<!-- This site is optimized with the Yoast SEO plugin v24.7 - https:\/\/yoast.com\/wordpress\/plugins\/seo\/ -->\n<title>Vacances d&#039;Avril! - A Cheval sur Soi<\/title>\n<meta name=\"robots\" content=\"index, follow, max-snippet:-1, max-image-preview:large, max-video-preview:-1\" \/>\n<link rel=\"canonical\" href=\"https:\/\/equitherapie-bourgogne.fr\/index.php\/2026\/03\/13\/vacances-davril\/\" \/>\n<meta property=\"og:locale\" content=\"fr_FR\" \/>\n<meta property=\"og:type\" content=\"article\" \/>\n<meta property=\"og:title\" content=\"Vacances d&#039;Avril! - A Cheval sur Soi\" \/>\n<meta property=\"og:url\" content=\"https:\/\/equitherapie-bourgogne.fr\/index.php\/2026\/03\/13\/vacances-davril\/\" \/>\n<meta property=\"og:site_name\" content=\"A Cheval sur Soi\" \/>\n<meta property=\"article:published_time\" content=\"2026-03-13T11:27:57+00:00\" \/>\n<meta property=\"og:image\" content=\"https:\/\/equitherapie-bourgogne.fr\/wp-content\/uploads\/2026\/03\/Programme-printemps-20261-368x520.png\" \/>\n\t<meta property=\"og:image:width\" content=\"368\" \/>\n\t<meta property=\"og:image:height\" content=\"520\" \/>\n\t<meta property=\"og:image:type\" content=\"image\/png\" \/>\n<meta name=\"author\" content=\"Nathalie\" \/>\n<meta name=\"twitter:card\" content=\"summary_large_image\" \/>\n<meta name=\"twitter:label1\" content=\"\u00c9crit par\" \/>\n\t<meta name=\"twitter:data1\" content=\"Nathalie\" \/>\n\t<meta name=\"twitter:label2\" content=\"Dur\u00e9e de lecture estim\u00e9e\" \/>\n\t<meta name=\"twitter:data2\" content=\"1 minute\" \/>\n<script type=\"application\/ld+json\" class=\"yoast-schema-graph\">{\"@context\":\"https:\/\/schema.org\",\"@graph\":[{\"@type\":\"WebPage\",\"@id\":\"https:\/\/equitherapie-bourgogne.fr\/index.php\/2026\/03\/13\/vacances-davril\/\",\"url\":\"https:\/\/equitherapie-bourgogne.fr\/index.php\/2026\/03\/13\/vacances-davril\/\",\"name\":\"Vacances d'Avril! - A Cheval sur Soi\",\"isPartOf\":{\"@id\":\"https:\/\/equitherapie-bourgogne.fr\/#website\"},\"primaryImageOfPage\":{\"@id\":\"https:\/\/equitherapie-bourgogne.fr\/index.php\/2026\/03\/13\/vacances-davril\/#primaryimage\"},\"image\":{\"@id\":\"https:\/\/equitherapie-bourgogne.fr\/index.php\/2026\/03\/13\/vacances-davril\/#primaryimage\"},\"thumbnailUrl\":\"https:\/\/equitherapie-bourgogne.fr\/wp-content\/uploads\/2026\/03\/Programme-printemps-20261.png\",\"datePublished\":\"2026-03-13T11:27:57+00:00\",\"author\":{\"@id\":\"https:\/\/equitherapie-bourgogne.fr\/#\/schema\/person\/2451febc77f164f832056f6825ae5cfa\"},\"breadcrumb\":{\"@id\":\"https:\/\/equitherapie-bourgogne.fr\/index.php\/2026\/03\/13\/vacances-davril\/#breadcrumb\"},\"inLanguage\":\"fr-FR\",\"potentialAction\":[{\"@type\":\"ReadAction\",\"target\":[\"https:\/\/equitherapie-bourgogne.fr\/index.php\/2026\/03\/13\/vacances-davril\/\"]}]},{\"@type\":\"ImageObject\",\"inLanguage\":\"fr-FR\",\"@id\":\"https:\/\/equitherapie-bourgogne.fr\/index.php\/2026\/03\/13\/vacances-davril\/#primaryimage\",\"url\":\"https:\/\/equitherapie-bourgogne.fr\/wp-content\/uploads\/2026\/03\/Programme-printemps-20261.png\",\"contentUrl\":\"https:\/\/equitherapie-bourgogne.fr\/wp-content\/uploads\/2026\/03\/Programme-printemps-20261.png\",\"width\":1414,\"height\":2000},{\"@type\":\"BreadcrumbList\",\"@id\":\"https:\/\/equitherapie-bourgogne.fr\/index.php\/2026\/03\/13\/vacances-davril\/#breadcrumb\",\"itemListElement\":[{\"@type\":\"ListItem\",\"position\":1,\"name\":\"Accueil\",\"item\":\"https:\/\/equitherapie-bourgogne.fr\/\"},{\"@type\":\"ListItem\",\"position\":2,\"name\":\"Vacances d&rsquo;Avril!\"}]},{\"@type\":\"WebSite\",\"@id\":\"https:\/\/equitherapie-bourgogne.fr\/#website\",\"url\":\"https:\/\/equitherapie-bourgogne.fr\/\",\"name\":\"A Cheval sur Soi\",\"description\":\"CENTRE \u00c9QUESTRE TRANSDISCIPLINAIRE\",\"potentialAction\":[{\"@type\":\"SearchAction\",\"target\":{\"@type\":\"EntryPoint\",\"urlTemplate\":\"https:\/\/equitherapie-bourgogne.fr\/?s={search_term_string}\"},\"query-input\":{\"@type\":\"PropertyValueSpecification\",\"valueRequired\":true,\"valueName\":\"search_term_string\"}}],\"inLanguage\":\"fr-FR\"},{\"@type\":\"Person\",\"@id\":\"https:\/\/equitherapie-bourgogne.fr\/#\/schema\/person\/2451febc77f164f832056f6825ae5cfa\",\"name\":\"Nathalie\",\"image\":{\"@type\":\"ImageObject\",\"inLanguage\":\"fr-FR\",\"@id\":\"https:\/\/equitherapie-bourgogne.fr\/#\/schema\/person\/image\/\",\"url\":\"https:\/\/secure.gravatar.com\/avatar\/7f19ce3628a8a54498ad2a3f89a472cc?s=96&d=mm&r=g\",\"contentUrl\":\"https:\/\/secure.gravatar.com\/avatar\/7f19ce3628a8a54498ad2a3f89a472cc?s=96&d=mm&r=g\",\"caption\":\"Nathalie\"},\"url\":\"https:\/\/equitherapie-bourgogne.fr\/index.php\/author\/admin6336\/\"}]}<\/script>\n<!-- \/ Yoast SEO plugin. -->","yoast_head_json":{"title":"Vacances d'Avril! - A Cheval sur Soi","robots":{"index":"index","follow":"follow","max-snippet":"max-snippet:-1","max-image-preview":"max-image-preview:large","max-video-preview":"max-video-preview:-1"},"canonical":"https:\/\/equitherapie-bourgogne.fr\/index.php\/2026\/03\/13\/vacances-davril\/","og_locale":"fr_FR","og_type":"article","og_title":"Vacances d'Avril! - A Cheval sur Soi","og_url":"https:\/\/equitherapie-bourgogne.fr\/index.php\/2026\/03\/13\/vacances-davril\/","og_site_name":"A Cheval sur Soi","article_published_time":"2026-03-13T11:27:57+00:00","og_image":[{"width":368,"height":520,"url":"https:\/\/equitherapie-bourgogne.fr\/wp-content\/uploads\/2026\/03\/Programme-printemps-20261-368x520.png","type":"image\/png"}],"author":"Nathalie","twitter_card":"summary_large_image","twitter_misc":{"\u00c9crit par":"Nathalie","Dur\u00e9e de lecture estim\u00e9e":"1 minute"},"schema":{"@context":"https:\/\/schema.org","@graph":[{"@type":"WebPage","@id":"https:\/\/equitherapie-bourgogne.fr\/index.php\/2026\/03\/13\/vacances-davril\/","url":"https:\/\/equitherapie-bourgogne.fr\/index.php\/2026\/03\/13\/vacances-davril\/","name":"Vacances d'Avril! - A Cheval sur Soi","isPartOf":{"@id":"https:\/\/equitherapie-bourgogne.fr\/#website"},"primaryImageOfPage":{"@id":"https:\/\/equitherapie-bourgogne.fr\/index.php\/2026\/03\/13\/vacances-davril\/#primaryimage"},"image":{"@id":"https:\/\/equitherapie-bourgogne.fr\/index.php\/2026\/03\/13\/vacances-davril\/#primaryimage"},"thumbnailUrl":"https:\/\/equitherapie-bourgogne.fr\/wp-content\/uploads\/2026\/03\/Programme-printemps-20261.png","datePublished":"2026-03-13T11:27:57+00:00","author":{"@id":"https:\/\/equitherapie-bourgogne.fr\/#\/schema\/person\/2451febc77f164f832056f6825ae5cfa"},"breadcrumb":{"@id":"https:\/\/equitherapie-bourgogne.fr\/index.php\/2026\/03\/13\/vacances-davril\/#breadcrumb"},"inLanguage":"fr-FR","potentialAction":[{"@type":"ReadAction","target":["https:\/\/equitherapie-bourgogne.fr\/index.php\/2026\/03\/13\/vacances-davril\/"]}]},{"@type":"ImageObject","inLanguage":"fr-FR","@id":"https:\/\/equitherapie-bourgogne.fr\/index.php\/2026\/03\/13\/vacances-davril\/#primaryimage","url":"https:\/\/equitherapie-bourgogne.fr\/wp-content\/uploads\/2026\/03\/Programme-printemps-20261.png","contentUrl":"https:\/\/equitherapie-bourgogne.fr\/wp-content\/uploads\/2026\/03\/Programme-printemps-20261.png","width":1414,"height":2000},{"@type":"BreadcrumbList","@id":"https:\/\/equitherapie-bourgogne.fr\/index.php\/2026\/03\/13\/vacances-davril\/#breadcrumb","itemListElement":[{"@type":"ListItem","position":1,"name":"Accueil","item":"https:\/\/equitherapie-bourgogne.fr\/"},{"@type":"ListItem","position":2,"name":"Vacances d&rsquo;Avril!"}]},{"@type":"WebSite","@id":"https:\/\/equitherapie-bourgogne.fr\/#website","url":"https:\/\/equitherapie-bourgogne.fr\/","name":"A Cheval sur Soi","description":"CENTRE \u00c9QUESTRE TRANSDISCIPLINAIRE","potentialAction":[{"@type":"SearchAction","target":{"@type":"EntryPoint","urlTemplate":"https:\/\/equitherapie-bourgogne.fr\/?s={search_term_string}"},"query-input":{"@type":"PropertyValueSpecification","valueRequired":true,"valueName":"search_term_string"}}],"inLanguage":"fr-FR"},{"@type":"Person","@id":"https:\/\/equitherapie-bourgogne.fr\/#\/schema\/person\/2451febc77f164f832056f6825ae5cfa","name":"Nathalie","image":{"@type":"ImageObject","inLanguage":"fr-FR","@id":"https:\/\/equitherapie-bourgogne.fr\/#\/schema\/person\/image\/","url":"https:\/\/secure.gravatar.com\/avatar\/7f19ce3628a8a54498ad2a3f89a472cc?s=96&d=mm&r=g","contentUrl":"https:\/\/secure.gravatar.com\/avatar\/7f19ce3628a8a54498ad2a3f89a472cc?s=96&d=mm&r=g","caption":"Nathalie"},"url":"https:\/\/equitherapie-bourgogne.fr\/index.php\/author\/admin6336\/"}]}},"_links":{"self":[{"href":"https:\/\/equitherapie-bourgogne.fr\/index.php\/wp-json\/wp\/v2\/posts\/1270","targetHints":{"allow":["GET"]}}],"collection":[{"href":"https:\/\/equitherapie-bourgogne.fr\/index.php\/wp-json\/wp\/v2\/posts"}],"about":[{"href":"https:\/\/equitherapie-bourgogne.fr\/index.php\/wp-json\/wp\/v2\/types\/post"}],"author":[{"embeddable":true,"href":"https:\/\/equitherapie-bourgogne.fr\/index.php\/wp-json\/wp\/v2\/users\/1"}],"replies":[{"embeddable":true,"href":"https:\/\/equitherapie-bourgogne.fr\/index.php\/wp-json\/wp\/v2\/comments?post=1270"}],"version-history":[{"count":1,"href":"https:\/\/equitherapie-bourgogne.fr\/index.php\/wp-json\/wp\/v2\/posts\/1270\/revisions"}],"predecessor-version":[{"id":1272,"href":"https:\/\/equitherapie-bourgogne.fr\/index.php\/wp-json\/wp\/v2\/posts\/1270\/revisions\/1272"}],"wp:featuredmedia":[{"embeddable":true,"href":"https:\/\/equitherapie-bourgogne.fr\/index.php\/wp-json\/wp\/v2\/media\/1271"}],"wp:attachment":[{"href":"https:\/\/equitherapie-bourgogne.fr\/index.php\/wp-json\/wp\/v2\/media?parent=1270"}],"wp:term":[{"taxonomy":"category","embeddable":true,"href":"https:\/\/equitherapie-bourgogne.fr\/index.php\/wp-json\/wp\/v2\/categories?post=1270"},{"taxonomy":"post_tag","embeddable":true,"href":"https:\/\/equitherapie-bourgogne.fr\/index.php\/wp-json\/wp\/v2\/tags?post=1270"}],"curies":[{"name":"wp","href":"https:\/\/api.w.org\/{rel}","templated":true}]}}