{"id":1257,"date":"2025-09-11T11:51:55","date_gmt":"2025-09-11T09:51:55","guid":{"rendered":"https:\/\/equitherapie-bourgogne.fr\/?p=1257"},"modified":"2025-09-11T11:51:55","modified_gmt":"2025-09-11T09:51:55","slug":"reprise-matinee-cheval","status":"publish","type":"post","link":"https:\/\/equitherapie-bourgogne.fr\/index.php\/2025\/09\/11\/reprise-matinee-cheval\/","title":{"rendered":"Reprise matin\u00e9e cheval !"},"content":{"rendered":"<p>Reprise des matin\u00e9es cheval \u00e0 partir de samedi 13 septembre!<br \/>\nVous voulez cr\u00e9er un lien avec les chevaux et vous avez entre 7 et 17 ans? Les clubs classiques ne vous correspondent pas? Vous aimez les balades, le travail \u00e0 pied, le tir \u00e0 l&rsquo;arc \u00e0 cheval et la voltige?<br \/>\nVenez nous rejoindre cette ann\u00e9e! Ambiance d\u00e9tente et entraide garantie. <\/p>\n<p>Samedi de 10h \u00e0 12h, 40\u20ac.<br \/>\n<img loading=\"lazy\" decoding=\"async\" data-id=\"1259\"  src=\"https:\/\/equitherapie-bourgogne.fr\/wp-content\/uploads\/2025\/09\/IMG_7733-scaled.jpg\" alt=\"\" width=\"2560\" height=\"1920\" class=\"alignnone size-full wp-image-1259\" srcset=\"https:\/\/equitherapie-bourgogne.fr\/wp-content\/uploads\/2025\/09\/IMG_7733-scaled.jpg 2560w, https:\/\/equitherapie-bourgogne.fr\/wp-content\/uploads\/2025\/09\/IMG_7733-800x600.jpg 800w, https:\/\/equitherapie-bourgogne.fr\/wp-content\/uploads\/2025\/09\/IMG_7733-693x520.jpg 693w, https:\/\/equitherapie-bourgogne.fr\/wp-content\/uploads\/2025\/09\/IMG_7733-768x576.jpg 768w, https:\/\/equitherapie-bourgogne.fr\/wp-content\/uploads\/2025\/09\/IMG_7733-1536x1152.jpg 1536w, https:\/\/equitherapie-bourgogne.fr\/wp-content\/uploads\/2025\/09\/IMG_7733-2048x1536.jpg 2048w, https:\/\/equitherapie-bourgogne.fr\/wp-content\/uploads\/2025\/09\/IMG_7733-1170x878.jpg 1170w\" sizes=\"auto, (max-width: 2560px) 100vw, 2560px\" \/><\/p>\n","protected":false},"excerpt":{"rendered":"<p>Reprise des matin\u00e9es cheval \u00e0 partir de samedi 13 septembre! Vous voulez cr\u00e9er un lien avec les chevaux et vous avez entre 7 et 17 ans? Les clubs classiques ne vous correspondent pas? Vous aimez les balades, le travail \u00e0&#8230;<br \/><a class=\"read-more-button\" href=\"https:\/\/equitherapie-bourgogne.fr\/index.php\/2025\/09\/11\/reprise-matinee-cheval\/\">Savoir plus<\/a><\/p>\n","protected":false},"author":1,"featured_media":1258,"comment_status":"open","ping_status":"open","sticky":false,"template":"","format":"standard","meta":{"footnotes":""},"categories":[1],"tags":[],"class_list":["post-1257","post","type-post","status-publish","format-standard","has-post-thumbnail","hentry","category-non-classe"],"yoast_head":"<!-- This site is optimized with the Yoast SEO plugin v24.7 - https:\/\/yoast.com\/wordpress\/plugins\/seo\/ -->\n<title>Reprise matin\u00e9e cheval ! - A Cheval sur Soi<\/title>\n<meta name=\"robots\" content=\"index, follow, max-snippet:-1, max-image-preview:large, max-video-preview:-1\" \/>\n<link rel=\"canonical\" href=\"https:\/\/equitherapie-bourgogne.fr\/index.php\/2025\/09\/11\/reprise-matinee-cheval\/\" \/>\n<meta property=\"og:locale\" content=\"fr_FR\" \/>\n<meta property=\"og:type\" content=\"article\" \/>\n<meta property=\"og:title\" content=\"Reprise matin\u00e9e cheval ! - A Cheval sur Soi\" \/>\n<meta property=\"og:description\" content=\"Reprise des matin\u00e9es cheval \u00e0 partir de samedi 13 septembre! Vous voulez cr\u00e9er un lien avec les chevaux et vous avez entre 7 et 17 ans? Les clubs classiques ne vous correspondent pas? Vous aimez les balades, le travail \u00e0...Savoir plus\" \/>\n<meta property=\"og:url\" content=\"https:\/\/equitherapie-bourgogne.fr\/index.php\/2025\/09\/11\/reprise-matinee-cheval\/\" \/>\n<meta property=\"og:site_name\" content=\"A Cheval sur Soi\" \/>\n<meta property=\"article:published_time\" content=\"2025-09-11T09:51:55+00:00\" \/>\n<meta property=\"og:image\" content=\"https:\/\/equitherapie-bourgogne.fr\/wp-content\/uploads\/2025\/09\/Matinee-cheval-page-001.jpg\" \/>\n\t<meta property=\"og:image:width\" content=\"1240\" \/>\n\t<meta property=\"og:image:height\" content=\"1754\" \/>\n\t<meta property=\"og:image:type\" content=\"image\/jpeg\" \/>\n<meta name=\"author\" content=\"Nathalie\" \/>\n<meta name=\"twitter:card\" content=\"summary_large_image\" \/>\n<meta name=\"twitter:label1\" content=\"\u00c9crit par\" \/>\n\t<meta name=\"twitter:data1\" content=\"Nathalie\" \/>\n\t<meta name=\"twitter:label2\" content=\"Dur\u00e9e de lecture estim\u00e9e\" \/>\n\t<meta name=\"twitter:data2\" content=\"1 minute\" \/>\n<script type=\"application\/ld+json\" class=\"yoast-schema-graph\">{\"@context\":\"https:\/\/schema.org\",\"@graph\":[{\"@type\":\"WebPage\",\"@id\":\"https:\/\/equitherapie-bourgogne.fr\/index.php\/2025\/09\/11\/reprise-matinee-cheval\/\",\"url\":\"https:\/\/equitherapie-bourgogne.fr\/index.php\/2025\/09\/11\/reprise-matinee-cheval\/\",\"name\":\"Reprise matin\u00e9e cheval ! - A Cheval sur Soi\",\"isPartOf\":{\"@id\":\"https:\/\/equitherapie-bourgogne.fr\/#website\"},\"primaryImageOfPage\":{\"@id\":\"https:\/\/equitherapie-bourgogne.fr\/index.php\/2025\/09\/11\/reprise-matinee-cheval\/#primaryimage\"},\"image\":{\"@id\":\"https:\/\/equitherapie-bourgogne.fr\/index.php\/2025\/09\/11\/reprise-matinee-cheval\/#primaryimage\"},\"thumbnailUrl\":\"https:\/\/equitherapie-bourgogne.fr\/wp-content\/uploads\/2025\/09\/Matinee-cheval-page-001.jpg\",\"datePublished\":\"2025-09-11T09:51:55+00:00\",\"author\":{\"@id\":\"https:\/\/equitherapie-bourgogne.fr\/#\/schema\/person\/2451febc77f164f832056f6825ae5cfa\"},\"breadcrumb\":{\"@id\":\"https:\/\/equitherapie-bourgogne.fr\/index.php\/2025\/09\/11\/reprise-matinee-cheval\/#breadcrumb\"},\"inLanguage\":\"fr-FR\",\"potentialAction\":[{\"@type\":\"ReadAction\",\"target\":[\"https:\/\/equitherapie-bourgogne.fr\/index.php\/2025\/09\/11\/reprise-matinee-cheval\/\"]}]},{\"@type\":\"ImageObject\",\"inLanguage\":\"fr-FR\",\"@id\":\"https:\/\/equitherapie-bourgogne.fr\/index.php\/2025\/09\/11\/reprise-matinee-cheval\/#primaryimage\",\"url\":\"https:\/\/equitherapie-bourgogne.fr\/wp-content\/uploads\/2025\/09\/Matinee-cheval-page-001.jpg\",\"contentUrl\":\"https:\/\/equitherapie-bourgogne.fr\/wp-content\/uploads\/2025\/09\/Matinee-cheval-page-001.jpg\",\"width\":1240,\"height\":1754},{\"@type\":\"BreadcrumbList\",\"@id\":\"https:\/\/equitherapie-bourgogne.fr\/index.php\/2025\/09\/11\/reprise-matinee-cheval\/#breadcrumb\",\"itemListElement\":[{\"@type\":\"ListItem\",\"position\":1,\"name\":\"Accueil\",\"item\":\"https:\/\/equitherapie-bourgogne.fr\/\"},{\"@type\":\"ListItem\",\"position\":2,\"name\":\"Reprise matin\u00e9e cheval !\"}]},{\"@type\":\"WebSite\",\"@id\":\"https:\/\/equitherapie-bourgogne.fr\/#website\",\"url\":\"https:\/\/equitherapie-bourgogne.fr\/\",\"name\":\"A Cheval sur Soi\",\"description\":\"CENTRE \u00c9QUESTRE TRANSDISCIPLINAIRE\",\"potentialAction\":[{\"@type\":\"SearchAction\",\"target\":{\"@type\":\"EntryPoint\",\"urlTemplate\":\"https:\/\/equitherapie-bourgogne.fr\/?s={search_term_string}\"},\"query-input\":{\"@type\":\"PropertyValueSpecification\",\"valueRequired\":true,\"valueName\":\"search_term_string\"}}],\"inLanguage\":\"fr-FR\"},{\"@type\":\"Person\",\"@id\":\"https:\/\/equitherapie-bourgogne.fr\/#\/schema\/person\/2451febc77f164f832056f6825ae5cfa\",\"name\":\"Nathalie\",\"image\":{\"@type\":\"ImageObject\",\"inLanguage\":\"fr-FR\",\"@id\":\"https:\/\/equitherapie-bourgogne.fr\/#\/schema\/person\/image\/\",\"url\":\"https:\/\/secure.gravatar.com\/avatar\/7f19ce3628a8a54498ad2a3f89a472cc?s=96&d=mm&r=g\",\"contentUrl\":\"https:\/\/secure.gravatar.com\/avatar\/7f19ce3628a8a54498ad2a3f89a472cc?s=96&d=mm&r=g\",\"caption\":\"Nathalie\"},\"url\":\"https:\/\/equitherapie-bourgogne.fr\/index.php\/author\/admin6336\/\"}]}<\/script>\n<!-- \/ Yoast SEO plugin. -->","yoast_head_json":{"title":"Reprise matin\u00e9e cheval ! - A Cheval sur Soi","robots":{"index":"index","follow":"follow","max-snippet":"max-snippet:-1","max-image-preview":"max-image-preview:large","max-video-preview":"max-video-preview:-1"},"canonical":"https:\/\/equitherapie-bourgogne.fr\/index.php\/2025\/09\/11\/reprise-matinee-cheval\/","og_locale":"fr_FR","og_type":"article","og_title":"Reprise matin\u00e9e cheval ! - A Cheval sur Soi","og_description":"Reprise des matin\u00e9es cheval \u00e0 partir de samedi 13 septembre! Vous voulez cr\u00e9er un lien avec les chevaux et vous avez entre 7 et 17 ans? Les clubs classiques ne vous correspondent pas? Vous aimez les balades, le travail \u00e0...Savoir plus","og_url":"https:\/\/equitherapie-bourgogne.fr\/index.php\/2025\/09\/11\/reprise-matinee-cheval\/","og_site_name":"A Cheval sur Soi","article_published_time":"2025-09-11T09:51:55+00:00","og_image":[{"width":1240,"height":1754,"url":"https:\/\/equitherapie-bourgogne.fr\/wp-content\/uploads\/2025\/09\/Matinee-cheval-page-001.jpg","type":"image\/jpeg"}],"author":"Nathalie","twitter_card":"summary_large_image","twitter_misc":{"\u00c9crit par":"Nathalie","Dur\u00e9e de lecture estim\u00e9e":"1 minute"},"schema":{"@context":"https:\/\/schema.org","@graph":[{"@type":"WebPage","@id":"https:\/\/equitherapie-bourgogne.fr\/index.php\/2025\/09\/11\/reprise-matinee-cheval\/","url":"https:\/\/equitherapie-bourgogne.fr\/index.php\/2025\/09\/11\/reprise-matinee-cheval\/","name":"Reprise matin\u00e9e cheval ! - A Cheval sur Soi","isPartOf":{"@id":"https:\/\/equitherapie-bourgogne.fr\/#website"},"primaryImageOfPage":{"@id":"https:\/\/equitherapie-bourgogne.fr\/index.php\/2025\/09\/11\/reprise-matinee-cheval\/#primaryimage"},"image":{"@id":"https:\/\/equitherapie-bourgogne.fr\/index.php\/2025\/09\/11\/reprise-matinee-cheval\/#primaryimage"},"thumbnailUrl":"https:\/\/equitherapie-bourgogne.fr\/wp-content\/uploads\/2025\/09\/Matinee-cheval-page-001.jpg","datePublished":"2025-09-11T09:51:55+00:00","author":{"@id":"https:\/\/equitherapie-bourgogne.fr\/#\/schema\/person\/2451febc77f164f832056f6825ae5cfa"},"breadcrumb":{"@id":"https:\/\/equitherapie-bourgogne.fr\/index.php\/2025\/09\/11\/reprise-matinee-cheval\/#breadcrumb"},"inLanguage":"fr-FR","potentialAction":[{"@type":"ReadAction","target":["https:\/\/equitherapie-bourgogne.fr\/index.php\/2025\/09\/11\/reprise-matinee-cheval\/"]}]},{"@type":"ImageObject","inLanguage":"fr-FR","@id":"https:\/\/equitherapie-bourgogne.fr\/index.php\/2025\/09\/11\/reprise-matinee-cheval\/#primaryimage","url":"https:\/\/equitherapie-bourgogne.fr\/wp-content\/uploads\/2025\/09\/Matinee-cheval-page-001.jpg","contentUrl":"https:\/\/equitherapie-bourgogne.fr\/wp-content\/uploads\/2025\/09\/Matinee-cheval-page-001.jpg","width":1240,"height":1754},{"@type":"BreadcrumbList","@id":"https:\/\/equitherapie-bourgogne.fr\/index.php\/2025\/09\/11\/reprise-matinee-cheval\/#breadcrumb","itemListElement":[{"@type":"ListItem","position":1,"name":"Accueil","item":"https:\/\/equitherapie-bourgogne.fr\/"},{"@type":"ListItem","position":2,"name":"Reprise matin\u00e9e cheval !"}]},{"@type":"WebSite","@id":"https:\/\/equitherapie-bourgogne.fr\/#website","url":"https:\/\/equitherapie-bourgogne.fr\/","name":"A Cheval sur Soi","description":"CENTRE \u00c9QUESTRE TRANSDISCIPLINAIRE","potentialAction":[{"@type":"SearchAction","target":{"@type":"EntryPoint","urlTemplate":"https:\/\/equitherapie-bourgogne.fr\/?s={search_term_string}"},"query-input":{"@type":"PropertyValueSpecification","valueRequired":true,"valueName":"search_term_string"}}],"inLanguage":"fr-FR"},{"@type":"Person","@id":"https:\/\/equitherapie-bourgogne.fr\/#\/schema\/person\/2451febc77f164f832056f6825ae5cfa","name":"Nathalie","image":{"@type":"ImageObject","inLanguage":"fr-FR","@id":"https:\/\/equitherapie-bourgogne.fr\/#\/schema\/person\/image\/","url":"https:\/\/secure.gravatar.com\/avatar\/7f19ce3628a8a54498ad2a3f89a472cc?s=96&d=mm&r=g","contentUrl":"https:\/\/secure.gravatar.com\/avatar\/7f19ce3628a8a54498ad2a3f89a472cc?s=96&d=mm&r=g","caption":"Nathalie"},"url":"https:\/\/equitherapie-bourgogne.fr\/index.php\/author\/admin6336\/"}]}},"_links":{"self":[{"href":"https:\/\/equitherapie-bourgogne.fr\/index.php\/wp-json\/wp\/v2\/posts\/1257","targetHints":{"allow":["GET"]}}],"collection":[{"href":"https:\/\/equitherapie-bourgogne.fr\/index.php\/wp-json\/wp\/v2\/posts"}],"about":[{"href":"https:\/\/equitherapie-bourgogne.fr\/index.php\/wp-json\/wp\/v2\/types\/post"}],"author":[{"embeddable":true,"href":"https:\/\/equitherapie-bourgogne.fr\/index.php\/wp-json\/wp\/v2\/users\/1"}],"replies":[{"embeddable":true,"href":"https:\/\/equitherapie-bourgogne.fr\/index.php\/wp-json\/wp\/v2\/comments?post=1257"}],"version-history":[{"count":1,"href":"https:\/\/equitherapie-bourgogne.fr\/index.php\/wp-json\/wp\/v2\/posts\/1257\/revisions"}],"predecessor-version":[{"id":1260,"href":"https:\/\/equitherapie-bourgogne.fr\/index.php\/wp-json\/wp\/v2\/posts\/1257\/revisions\/1260"}],"wp:featuredmedia":[{"embeddable":true,"href":"https:\/\/equitherapie-bourgogne.fr\/index.php\/wp-json\/wp\/v2\/media\/1258"}],"wp:attachment":[{"href":"https:\/\/equitherapie-bourgogne.fr\/index.php\/wp-json\/wp\/v2\/media?parent=1257"}],"wp:term":[{"taxonomy":"category","embeddable":true,"href":"https:\/\/equitherapie-bourgogne.fr\/index.php\/wp-json\/wp\/v2\/categories?post=1257"},{"taxonomy":"post_tag","embeddable":true,"href":"https:\/\/equitherapie-bourgogne.fr\/index.php\/wp-json\/wp\/v2\/tags?post=1257"}],"curies":[{"name":"wp","href":"https:\/\/api.w.org\/{rel}","templated":true}]}}