{"id":812,"global_id":"equitherapie-bourgogne.fr?id=812","global_id_lineage":["equitherapie-bourgogne.fr?id=812"],"author":"1","status":"publish","date":"2018-05-31 10:49:54","date_utc":"2018-05-31 08:49:54","modified":"2018-05-31 10:49:54","modified_utc":"2018-05-31 08:49:54","url":"https:\/\/equitherapie-bourgogne.fr\/index.php\/agenda\/stage-cheval-voix-3\/","rest_url":"https:\/\/equitherapie-bourgogne.fr\/index.php\/wp-json\/tribe\/events\/v1\/events\/812","title":"Stage Cheval et Voix","description":"<p><em><strong>\u00a0Proposer des exp\u00e9riences avec la voix, des itin\u00e9raires par lesquels on est soi-m\u00eame pass\u00e9 en les adaptant singuli\u00e8rement \u00e0 chaque fois \u00e0 la personne que l\u2019on rencontre, pour un travail de d\u00e9licatesse et de patience, avec un cavalier sans monture dans le cas d\u2019un travail d\u2019atelier, travail o\u00f9 comme en danse, le corps tout entier est instrument d\u2019expression.<br \/>\n<\/strong>Nous explorerons des potentialit\u00e9s souvent ignor\u00e9es, une recherche personnelle dont l\u2019aboutissement rel\u00e8ve de la surprise comme c\u2019est souvent le cas dans les pratiques artistiques.<\/em><\/p>\n<p><em>Pour ceux qui n\u2019auraient jamais pratiqu\u00e9 l\u2019\u00e9quitation, commencer ensemble ces deux pratiques permet de constater \u00e0 quel point le d\u00e9tournement de soi contribue \u00e0 ces deux exp\u00e9riences. Trop d\u2019attention nuit, trop de concentration immobilise, enferme \u00e0 l\u2019int\u00e9rieur de sa propre perception, prive beaucoup des informations ext\u00e9rieures, l\u2019espace, la lumi\u00e8re, le mouvement, la clart\u00e9 des intentions.<\/em><\/p>","excerpt":"","slug":"stage-cheval-voix-3","image":{"url":"https:\/\/equitherapie-bourgogne.fr\/wp-content\/uploads\/2016\/11\/Equitation-sensitive.jpg","id":335,"extension":"jpg","width":2304,"height":3072,"sizes":{"thumbnail":{"width":150,"height":150,"mime-type":"image\/jpeg","url":"https:\/\/equitherapie-bourgogne.fr\/wp-content\/uploads\/2016\/11\/Equitation-sensitive-150x150.jpg"},"medium":{"width":450,"height":600,"mime-type":"image\/jpeg","url":"https:\/\/equitherapie-bourgogne.fr\/wp-content\/uploads\/2016\/11\/Equitation-sensitive-450x600.jpg"},"medium_large":{"width":768,"height":1024,"mime-type":"image\/jpeg","url":"https:\/\/equitherapie-bourgogne.fr\/wp-content\/uploads\/2016\/11\/Equitation-sensitive-768x1024.jpg"},"large":{"width":390,"height":520,"mime-type":"image\/jpeg","url":"https:\/\/equitherapie-bourgogne.fr\/wp-content\/uploads\/2016\/11\/Equitation-sensitive-390x520.jpg"},"post-thumbnail":{"width":1170,"height":1560,"mime-type":"image\/jpeg","url":"https:\/\/equitherapie-bourgogne.fr\/wp-content\/uploads\/2016\/11\/Equitation-sensitive-1170x1560.jpg"}}},"all_day":false,"start_date":"2018-08-04 09:30:00","start_date_details":{"year":"2018","month":"08","day":"04","hour":"09","minutes":"30","seconds":"00"},"end_date":"2018-08-05 17:00:00","end_date_details":{"year":"2018","month":"08","day":"05","hour":"17","minutes":"00","seconds":"00"},"utc_start_date":"2018-08-04 07:30:00","utc_start_date_details":{"year":"2018","month":"08","day":"04","hour":"07","minutes":"30","seconds":"00"},"utc_end_date":"2018-08-05 15:00:00","utc_end_date_details":{"year":"2018","month":"08","day":"05","hour":"15","minutes":"00","seconds":"00"},"timezone":"Europe\/Paris","timezone_abbr":"CEST","cost":"","cost_details":{"currency_symbol":"","currency_code":"","currency_position":"suffix","values":[]},"website":"","show_map":true,"show_map_link":true,"hide_from_listings":false,"sticky":false,"featured":false,"categories":[{"name":"Stages et formations","slug":"stages-et-formations","term_group":0,"term_taxonomy_id":11,"taxonomy":"tribe_events_cat","description":"","parent":0,"count":29,"filter":"raw","id":11,"urls":{"self":"https:\/\/equitherapie-bourgogne.fr\/index.php\/wp-json\/tribe\/events\/v1\/categories\/11","collection":"https:\/\/equitherapie-bourgogne.fr\/index.php\/wp-json\/tribe\/events\/v1\/categories"}}],"tags":[],"venue":{"id":265,"author":"1","status":"publish","date":"2017-04-26 14:08:12","date_utc":"2017-04-26 12:08:12","modified":"2017-04-26 14:08:12","modified_utc":"2017-04-26 12:08:12","url":"https:\/\/equitherapie-bourgogne.fr\/index.php\/lieu\/a-cheval-sur-soi\/","venue":"A cheval sur soi","slug":"a-cheval-sur-soi","address":"la tuilerie","city":"Bard le R\u00e9gulier","country":"France","json_ld":{"@type":"Place","name":"A cheval sur soi","description":"","url":"","address":{"@type":"PostalAddress","streetAddress":"la tuilerie","addressLocality":"Bard le R\u00e9gulier","addressCountry":"France"},"telephone":"","sameAs":""},"show_map":true,"show_map_link":true,"global_id":"equitherapie-bourgogne.fr?id=265","global_id_lineage":["equitherapie-bourgogne.fr?id=265"]},"organizer":[],"custom_fields":[],"json_ld":{"@context":"http:\/\/schema.org","@type":"Event","name":"Stage Cheval et Voix","description":"&lt;p&gt;\u00a0Proposer des exp\u00e9riences avec la voix, des itin\u00e9raires par lesquels on est soi-m\u00eame pass\u00e9 en les adaptant singuli\u00e8rement \u00e0 chaque fois \u00e0 la personne que l\u2019on rencontre, pour un travail de d\u00e9licatesse et de patience, avec un cavalier sans monture...&lt;br \/&gt;&lt;a class=&quot;read-more-button&quot; href=&quot;https:\/\/equitherapie-bourgogne.fr\/index.php\/agenda\/stage-cheval-voix-3\/&quot;&gt;Savoir plus&lt;\/a&gt;&lt;\/p&gt;\\n","image":"https:\/\/equitherapie-bourgogne.fr\/wp-content\/uploads\/2016\/11\/Equitation-sensitive.jpg","url":"https:\/\/equitherapie-bourgogne.fr\/index.php\/agenda\/stage-cheval-voix-3\/","eventAttendanceMode":"https:\/\/schema.org\/OfflineEventAttendanceMode","eventStatus":"https:\/\/schema.org\/EventScheduled","startDate":"2018-08-04T09:30:00+02:00","endDate":"2018-08-05T17:00:00+02:00","location":{"@type":"Place","name":"A cheval sur soi","description":"","url":"","address":{"@type":"PostalAddress","streetAddress":"la tuilerie","addressLocality":"Bard le R\u00e9gulier","addressCountry":"France"},"telephone":"","sameAs":""},"performer":"Organization"}}