{"id":707,"global_id":"equitherapie-bourgogne.fr?id=707","global_id_lineage":["equitherapie-bourgogne.fr?id=707"],"author":"1","status":"publish","date":"2018-02-21 10:52:15","date_utc":"2018-02-21 09:52:15","modified":"2018-02-21 10:52:15","modified_utc":"2018-02-21 09:52:15","url":"https:\/\/equitherapie-bourgogne.fr\/index.php\/agenda\/formatrice-quatrieme-semaine-de-praticien-mediation-equine-a-cheval-emoi\/","rest_url":"https:\/\/equitherapie-bourgogne.fr\/index.php\/wp-json\/tribe\/events\/v1\/events\/707","title":"Formatrice pour la quatri\u00e8me semaine de Praticien en M\u00e9diation \u00c9quine \u00e0 Cheval Emoi.","description":"<p>http:\/\/www.cheval-emoi.org\/index.php\/les-formations<\/p>","excerpt":"","slug":"formatrice-quatrieme-semaine-de-praticien-mediation-equine-a-cheval-emoi","image":false,"all_day":false,"start_date":"2018-03-12 08:00:00","start_date_details":{"year":"2018","month":"03","day":"12","hour":"08","minutes":"00","seconds":"00"},"end_date":"2018-03-16 17:00:00","end_date_details":{"year":"2018","month":"03","day":"16","hour":"17","minutes":"00","seconds":"00"},"utc_start_date":"2018-03-12 07:00:00","utc_start_date_details":{"year":"2018","month":"03","day":"12","hour":"07","minutes":"00","seconds":"00"},"utc_end_date":"2018-03-16 16:00:00","utc_end_date_details":{"year":"2018","month":"03","day":"16","hour":"16","minutes":"00","seconds":"00"},"timezone":"Europe\/Paris","timezone_abbr":"CET","cost":"","cost_details":{"currency_symbol":"","currency_code":"","currency_position":"suffix","values":[]},"website":"","show_map":true,"show_map_link":true,"hide_from_listings":false,"sticky":false,"featured":false,"categories":[{"name":"Interventions ext\u00e9rieures","slug":"interventions-exterieures","term_group":0,"term_taxonomy_id":3,"taxonomy":"tribe_events_cat","description":"","parent":0,"count":13,"filter":"raw","id":3,"urls":{"self":"https:\/\/equitherapie-bourgogne.fr\/index.php\/wp-json\/tribe\/events\/v1\/categories\/3","collection":"https:\/\/equitherapie-bourgogne.fr\/index.php\/wp-json\/tribe\/events\/v1\/categories"}}],"tags":[],"venue":{"id":290,"author":"1","status":"publish","date":"2017-04-28 13:37:12","date_utc":"2017-04-28 11:37:12","modified":"2017-04-28 13:37:33","modified_utc":"2017-04-28 11:37:33","url":"https:\/\/equitherapie-bourgogne.fr\/index.php\/lieu\/emoi\/","venue":"Cheval Emoi","slug":"emoi","address":" La Ferme du Loch Lieu-dit Kergo","city":"PLUVIGNER","zip":"56330","website":"http:\/\/www.cheval-emoi.org\/","json_ld":{"@type":"Place","name":"Cheval Emoi","description":"","url":"","address":{"@type":"PostalAddress","streetAddress":" La Ferme du Loch Lieu-dit Kergo","addressLocality":"PLUVIGNER","postalCode":"56330"},"telephone":"","sameAs":"http:\/\/www.cheval-emoi.org\/"},"show_map":true,"show_map_link":true,"global_id":"equitherapie-bourgogne.fr?id=290","global_id_lineage":["equitherapie-bourgogne.fr?id=290"]},"organizer":[],"custom_fields":[],"json_ld":{"@context":"http:\/\/schema.org","@type":"Event","name":"Formatrice pour la quatri\u00e8me semaine de Praticien en M\u00e9diation \u00c9quine \u00e0 Cheval Emoi.","description":"&lt;p&gt;http:\/\/www.cheval-emoi.org\/index.php\/les-formations&lt;\/p&gt;\\n","url":"https:\/\/equitherapie-bourgogne.fr\/index.php\/agenda\/formatrice-quatrieme-semaine-de-praticien-mediation-equine-a-cheval-emoi\/","eventAttendanceMode":"https:\/\/schema.org\/OfflineEventAttendanceMode","eventStatus":"https:\/\/schema.org\/EventScheduled","startDate":"2018-03-12T08:00:00+01:00","endDate":"2018-03-16T17:00:00+01:00","location":{"@type":"Place","name":"Cheval Emoi","description":"","url":"","address":{"@type":"PostalAddress","streetAddress":" La Ferme du Loch Lieu-dit Kergo","addressLocality":"PLUVIGNER","postalCode":"56330"},"telephone":"","sameAs":"http:\/\/www.cheval-emoi.org\/"},"performer":"Organization"}}